{"id":6089,"date":"2019-03-10T07:40:07","date_gmt":"2019-03-10T12:40:07","guid":{"rendered":"http:\/\/irishexaminerusa.com\/wp\/?p=6089"},"modified":"2019-03-11T07:41:24","modified_gmt":"2019-03-11T12:41:24","slug":"fleadh-cheoil-na-heireann-2020-to-be-held-in-mullingar","status":"publish","type":"post","link":"https:\/\/irishexaminerusa.com\/wp\/?p=6089","title":{"rendered":"Fleadh Cheoil na h\u00c9ireann 2020 to be Held in Mullingar"},"content":{"rendered":"<p><img loading=\"lazy\" src=\"http:\/\/irishexaminerusa.com\/wp\/wp-content\/uploads\/2019\/03\/FleadhCheoilDroghedaROBBIEREYNOLDS12aug18_large.jpg\" alt=\"\" width=\"600\" height=\"325\" class=\"aligncenter size-full wp-image-6090\" srcset=\"https:\/\/irishexaminerusa.com\/wp\/wp-content\/uploads\/2019\/03\/FleadhCheoilDroghedaROBBIEREYNOLDS12aug18_large.jpg 600w, https:\/\/irishexaminerusa.com\/wp\/wp-content\/uploads\/2019\/03\/FleadhCheoilDroghedaROBBIEREYNOLDS12aug18_large-300x163.jpg 300w\" sizes=\"(max-width: 600px) 100vw, 600px\" \/>Mullingar in Co Westmeath has been revealed as the host of Fleadh Cheoil na h\u00c9ireann next year.<\/p>\n<p>The town has been chosen by Comhaltas Ceolt\u00f3ir\u00ed \u00c9ireann to hold the traditional Irish music, language, song and dance event.<\/p>\n<p>The announcement comes after a meeting of its Ard Comhairle in Monkstown in Dublin last night.<\/p>\n<p>The last time Mullingar hosted the Fleadh was in 1963 and it is expected to generate over \u20ac50m for the local economy.<\/p>\n<p>Joe Connaire, Chairperson of Westmeath Comhaltas, said they were &#8220;deeply honored and humbled&#8221; to have their town chosen to host the event.<\/p>\n<p>&#8220;We are bringing the Fleadh back to its roots, back to where it all began, and back to where our great organisation was founded,&#8221; he said.<\/p>\n<p>&#8220;Our bid was founded on positivity from the start. Through our regular public meetings, we have built up a momentum to gain the full backing of the people of Mullingar and the wider community.<\/p>\n<p>&#8220;We have been committed to planning a world-class cultural festival, drawing on and cultivating our significant musical traditions in Mullingar, and particular strengths in traditional singing and dancing, and renewing our links with the founding members of Comhaltas, many of whom were from Westmeath,&#8221; he said.<\/p>\n<p>Fleadh Cheoil na h\u00c9ireann 2020 will take place from August 2 to August 9.<\/p>\n<p>This year&#8217;s Fleadh will be held in Drogheda, Co Louth again this year from Agust 11 to Agust 18.<\/p>\n<div class=\"sharedaddy sd-sharing-enabled\"><div class=\"robots-nocontent sd-block sd-social sd-social-icon sd-sharing\"><h3 class=\"sd-title\">Share this:<\/h3><div class=\"sd-content\"><ul><li class=\"share-facebook\"><a rel=\"nofollow\" data-shared=\"sharing-facebook-6089\" class=\"share-facebook sd-button share-icon no-text\" href=\"https:\/\/irishexaminerusa.com\/wp\/?p=6089&amp;share=facebook\" target=\"_blank\" title=\"Click to share on Facebook\"><span><\/span><span class=\"sharing-screen-reader-text\">Click to share on Facebook (Opens in new window)<\/span><\/a><\/li><li class=\"share-twitter\"><a rel=\"nofollow\" data-shared=\"sharing-twitter-6089\" class=\"share-twitter sd-button share-icon no-text\" href=\"https:\/\/irishexaminerusa.com\/wp\/?p=6089&amp;share=twitter\" target=\"_blank\" title=\"Click to share on Twitter\"><span><\/span><span class=\"sharing-screen-reader-text\">Click to share on Twitter (Opens in new window)<\/span><\/a><\/li><li class=\"share-google-plus-1\"><a rel=\"nofollow\" data-shared=\"sharing-google-6089\" class=\"share-google-plus-1 sd-button share-icon no-text\" href=\"https:\/\/irishexaminerusa.com\/wp\/?p=6089&amp;share=google-plus-1\" target=\"_blank\" title=\"Click to share on Google+\"><span><\/span><span class=\"sharing-screen-reader-text\">Click to share on Google+ (Opens in new window)<\/span><\/a><\/li><li class=\"share-print\"><a rel=\"nofollow\" data-shared=\"\" class=\"share-print sd-button share-icon no-text\" href=\"https:\/\/irishexaminerusa.com\/wp\/?p=6089\" target=\"_blank\" title=\"Click to print\"><span><\/span><span class=\"sharing-screen-reader-text\">Click to print (Opens in new window)<\/span><\/a><\/li><li class=\"share-end\"><\/li><\/ul><\/div><\/div><\/div>","protected":false},"excerpt":{"rendered":"<p>Mullingar in Co Westmeath has been revealed as the host of Fleadh Cheoil na h\u00c9ireann next year. The town has been chosen by Comhaltas Ceolt\u00f3ir\u00ed \u00c9ireann to hold the traditional Irish music, language, song and dance event. The announcement comes&#8230;<\/p>\n<div class=\"sharedaddy sd-sharing-enabled\"><div class=\"robots-nocontent sd-block sd-social sd-social-icon sd-sharing\"><h3 class=\"sd-title\">Share this:<\/h3><div class=\"sd-content\"><ul><li class=\"share-facebook\"><a rel=\"nofollow\" data-shared=\"sharing-facebook-6089\" class=\"share-facebook sd-button share-icon no-text\" href=\"https:\/\/irishexaminerusa.com\/wp\/?p=6089&amp;share=facebook\" target=\"_blank\" title=\"Click to share on Facebook\"><span><\/span><span class=\"sharing-screen-reader-text\">Click to share on Facebook (Opens in new window)<\/span><\/a><\/li><li class=\"share-twitter\"><a rel=\"nofollow\" data-shared=\"sharing-twitter-6089\" class=\"share-twitter sd-button share-icon no-text\" href=\"https:\/\/irishexaminerusa.com\/wp\/?p=6089&amp;share=twitter\" target=\"_blank\" title=\"Click to share on Twitter\"><span><\/span><span class=\"sharing-screen-reader-text\">Click to share on Twitter (Opens in new window)<\/span><\/a><\/li><li class=\"share-google-plus-1\"><a rel=\"nofollow\" data-shared=\"sharing-google-6089\" class=\"share-google-plus-1 sd-button share-icon no-text\" href=\"https:\/\/irishexaminerusa.com\/wp\/?p=6089&amp;share=google-plus-1\" target=\"_blank\" title=\"Click to share on Google+\"><span><\/span><span class=\"sharing-screen-reader-text\">Click to share on Google+ (Opens in new window)<\/span><\/a><\/li><li class=\"share-print\"><a rel=\"nofollow\" data-shared=\"\" class=\"share-print sd-button share-icon no-text\" href=\"https:\/\/irishexaminerusa.com\/wp\/?p=6089\" target=\"_blank\" title=\"Click to print\"><span><\/span><span class=\"sharing-screen-reader-text\">Click to print (Opens in new window)<\/span><\/a><\/li><li class=\"share-end\"><\/li><\/ul><\/div><\/div><\/div>","protected":false},"author":1,"featured_media":6090,"comment_status":"closed","ping_status":"open","sticky":false,"template":"","format":"standard","meta":[],"categories":[5,11],"tags":[],"_links":{"self":[{"href":"https:\/\/irishexaminerusa.com\/wp\/index.php?rest_route=\/wp\/v2\/posts\/6089"}],"collection":[{"href":"https:\/\/irishexaminerusa.com\/wp\/index.php?rest_route=\/wp\/v2\/posts"}],"about":[{"href":"https:\/\/irishexaminerusa.com\/wp\/index.php?rest_route=\/wp\/v2\/types\/post"}],"author":[{"embeddable":true,"href":"https:\/\/irishexaminerusa.com\/wp\/index.php?rest_route=\/wp\/v2\/users\/1"}],"replies":[{"embeddable":true,"href":"https:\/\/irishexaminerusa.com\/wp\/index.php?rest_route=%2Fwp%2Fv2%2Fcomments&post=6089"}],"version-history":[{"count":1,"href":"https:\/\/irishexaminerusa.com\/wp\/index.php?rest_route=\/wp\/v2\/posts\/6089\/revisions"}],"predecessor-version":[{"id":6091,"href":"https:\/\/irishexaminerusa.com\/wp\/index.php?rest_route=\/wp\/v2\/posts\/6089\/revisions\/6091"}],"wp:featuredmedia":[{"embeddable":true,"href":"https:\/\/irishexaminerusa.com\/wp\/index.php?rest_route=\/wp\/v2\/media\/6090"}],"wp:attachment":[{"href":"https:\/\/irishexaminerusa.com\/wp\/index.php?rest_route=%2Fwp%2Fv2%2Fmedia&parent=6089"}],"wp:term":[{"taxonomy":"category","embeddable":true,"href":"https:\/\/irishexaminerusa.com\/wp\/index.php?rest_route=%2Fwp%2Fv2%2Fcategories&post=6089"},{"taxonomy":"post_tag","embeddable":true,"href":"https:\/\/irishexaminerusa.com\/wp\/index.php?rest_route=%2Fwp%2Fv2%2Ftags&post=6089"}],"curies":[{"name":"wp","href":"https:\/\/api.w.org\/{rel}","templated":true}]}}