{"id":3907,"date":"2018-11-08T13:43:39","date_gmt":"2018-11-08T18:43:39","guid":{"rendered":"http:\/\/irishexaminerusa.com\/wp\/?p=3907"},"modified":"2018-11-10T10:45:25","modified_gmt":"2018-11-10T15:45:25","slug":"eamon-o-cuiv-sacked-from-fianna-fail-front-bench","status":"publish","type":"post","link":"https:\/\/irishexaminerusa.com\/wp\/?p=3907","title":{"rendered":"\u00c9amon \u00d3 Cu\u00edv Sacked From Fianna F\u00e1il Front Bench"},"content":{"rendered":"<p><img loading=\"lazy\" src=\"http:\/\/irishexaminerusa.com\/wp\/wp-content\/uploads\/2018\/11\/EamonOCuiv_large.jpg\" alt=\"\" width=\"600\" height=\"325\" class=\"aligncenter size-full wp-image-3908\" srcset=\"https:\/\/irishexaminerusa.com\/wp\/wp-content\/uploads\/2018\/11\/EamonOCuiv_large.jpg 600w, https:\/\/irishexaminerusa.com\/wp\/wp-content\/uploads\/2018\/11\/EamonOCuiv_large-300x163.jpg 300w\" sizes=\"(max-width: 600px) 100vw, 600px\" \/>A second Fianna F\u00e1il member has been sacked from a senior party role due to his involvement in the unauthorized launch of a party election candidate in Northern Ireland.<\/p>\n<p>\u00c9amon \u00d3 Cu\u00edv, who was front-bench spokesman for Regional Development, Rural Affairs and the Gaeltacht, has been demoted by party leader Miche\u00e1l Martin.<\/p>\n<p>The move was announced a day after Senator Mark Daly was stripped of his duties as Fianna F\u00e1il deputy leader in the Seanad for his role in the unsanctioned event in Omagh.<\/p>\n<p>Last month, Mr \u00d3 Cu\u00edv and Mr Daly revealed Sorcha McAnespy as a \u201ccandidate\u201d for next year\u2019s local government elections.<\/p>\n<p>The announcement appeared to herald Fianna F\u00e1il\u2019s long-anticipated move into electoral politics north of the border.<\/p>\n<p>Ms McAnespy is a member of Fianna F\u00e1il\u2019s National Executive and an independent councilor on Fermanagh and Omagh District Council.<\/p>\n<p>After the event in Omagh, photos were issued of the trio posing with Fianna F\u00e1il-branded election posters carrying Ms McAnespy\u2019s image, urging people to vote for her.<\/p>\n<p>Confusion abounded an hour later when Fianna F\u00e1il\u2019s official Twitter account said no decision had been made on contesting the 2019 election in Northern Ireland.<\/p>\n<p>Deputy \u00d3 Cu\u00edv&#8217;s continued membership of the party&#8217;s front bench is no longer tenable<\/p>\n<p>Party colleagues have since accused Mr \u00d3 Cu\u00edv and Mr Daly, who said they were acting as Ms McAnespy\u2019s campaign managers, of embarking on a \u201csolo run\u201d.<\/p>\n<p>The episode came amid ongoing speculation Fianna F\u00e1il might ultimately merge with the SDLP to run in future Northern Ireland elections.<\/p>\n<p>Mr Martin has previously stated his party\u2019s intention to stand in elections in Northern Ireland, though he has not made clear whether that would be on its own ticket or as part of a new political project with the SDLP.<\/p>\n<p>In the wake of the event in Omagh, Fianna F\u00e1il insisted talks with the SDLP were ongoing.<\/p>\n<p>Mr \u00d3 Cu\u00edv, a grandson of party founder \u00c9amon de Valera, was summoned to a meeting with Mr Martin on Wednesday night. On Thursday evening, the party announced the outcome.<\/p>\n<p>\u201cDuring the course of that meeting, Deputy \u00d3 Cu\u00edv made it clear that he was aware in advance of plans to hold an unauthorized launch of a candidate and agreed to participate in the event,\u201d said a party spokesman.<\/p>\n<p>\u201cIn light of this information, regretfully, Deputy \u00d3 Cu\u00edv\u2019s continued membership of the party\u2019s front bench is no longer tenable.<\/p>\n<p>\u201cHis portfolio responsibilities will be reassigned in the time ahead.\u201d<\/p>\n<div class=\"sharedaddy sd-sharing-enabled\"><div class=\"robots-nocontent sd-block sd-social sd-social-icon sd-sharing\"><h3 class=\"sd-title\">Share this:<\/h3><div class=\"sd-content\"><ul><li class=\"share-facebook\"><a rel=\"nofollow\" data-shared=\"sharing-facebook-3907\" class=\"share-facebook sd-button share-icon no-text\" href=\"https:\/\/irishexaminerusa.com\/wp\/?p=3907&amp;share=facebook\" target=\"_blank\" title=\"Click to share on Facebook\"><span><\/span><span class=\"sharing-screen-reader-text\">Click to share on Facebook (Opens in new window)<\/span><\/a><\/li><li class=\"share-twitter\"><a rel=\"nofollow\" data-shared=\"sharing-twitter-3907\" class=\"share-twitter sd-button share-icon no-text\" href=\"https:\/\/irishexaminerusa.com\/wp\/?p=3907&amp;share=twitter\" target=\"_blank\" title=\"Click to share on Twitter\"><span><\/span><span class=\"sharing-screen-reader-text\">Click to share on Twitter (Opens in new window)<\/span><\/a><\/li><li class=\"share-google-plus-1\"><a rel=\"nofollow\" data-shared=\"sharing-google-3907\" class=\"share-google-plus-1 sd-button share-icon no-text\" href=\"https:\/\/irishexaminerusa.com\/wp\/?p=3907&amp;share=google-plus-1\" target=\"_blank\" title=\"Click to share on Google+\"><span><\/span><span class=\"sharing-screen-reader-text\">Click to share on Google+ (Opens in new window)<\/span><\/a><\/li><li class=\"share-print\"><a rel=\"nofollow\" data-shared=\"\" class=\"share-print sd-button share-icon no-text\" href=\"https:\/\/irishexaminerusa.com\/wp\/?p=3907\" target=\"_blank\" title=\"Click to print\"><span><\/span><span class=\"sharing-screen-reader-text\">Click to print (Opens in new window)<\/span><\/a><\/li><li class=\"share-end\"><\/li><\/ul><\/div><\/div><\/div>","protected":false},"excerpt":{"rendered":"<p>A second Fianna F\u00e1il member has been sacked from a senior party role due to his involvement in the unauthorized launch of a party election candidate in Northern Ireland. \u00c9amon \u00d3 Cu\u00edv, who was front-bench spokesman for Regional Development, Rural&#8230;<\/p>\n<div class=\"sharedaddy sd-sharing-enabled\"><div class=\"robots-nocontent sd-block sd-social sd-social-icon sd-sharing\"><h3 class=\"sd-title\">Share this:<\/h3><div class=\"sd-content\"><ul><li class=\"share-facebook\"><a rel=\"nofollow\" data-shared=\"sharing-facebook-3907\" class=\"share-facebook sd-button share-icon no-text\" href=\"https:\/\/irishexaminerusa.com\/wp\/?p=3907&amp;share=facebook\" target=\"_blank\" title=\"Click to share on Facebook\"><span><\/span><span class=\"sharing-screen-reader-text\">Click to share on Facebook (Opens in new window)<\/span><\/a><\/li><li class=\"share-twitter\"><a rel=\"nofollow\" data-shared=\"sharing-twitter-3907\" class=\"share-twitter sd-button share-icon no-text\" href=\"https:\/\/irishexaminerusa.com\/wp\/?p=3907&amp;share=twitter\" target=\"_blank\" title=\"Click to share on Twitter\"><span><\/span><span class=\"sharing-screen-reader-text\">Click to share on Twitter (Opens in new window)<\/span><\/a><\/li><li class=\"share-google-plus-1\"><a rel=\"nofollow\" data-shared=\"sharing-google-3907\" class=\"share-google-plus-1 sd-button share-icon no-text\" href=\"https:\/\/irishexaminerusa.com\/wp\/?p=3907&amp;share=google-plus-1\" target=\"_blank\" title=\"Click to share on Google+\"><span><\/span><span class=\"sharing-screen-reader-text\">Click to share on Google+ (Opens in new window)<\/span><\/a><\/li><li class=\"share-print\"><a rel=\"nofollow\" data-shared=\"\" class=\"share-print sd-button share-icon no-text\" href=\"https:\/\/irishexaminerusa.com\/wp\/?p=3907\" target=\"_blank\" title=\"Click to print\"><span><\/span><span class=\"sharing-screen-reader-text\">Click to print (Opens in new window)<\/span><\/a><\/li><li class=\"share-end\"><\/li><\/ul><\/div><\/div><\/div>","protected":false},"author":1,"featured_media":3908,"comment_status":"closed","ping_status":"open","sticky":false,"template":"","format":"standard","meta":[],"categories":[11,2],"tags":[],"_links":{"self":[{"href":"https:\/\/irishexaminerusa.com\/wp\/index.php?rest_route=\/wp\/v2\/posts\/3907"}],"collection":[{"href":"https:\/\/irishexaminerusa.com\/wp\/index.php?rest_route=\/wp\/v2\/posts"}],"about":[{"href":"https:\/\/irishexaminerusa.com\/wp\/index.php?rest_route=\/wp\/v2\/types\/post"}],"author":[{"embeddable":true,"href":"https:\/\/irishexaminerusa.com\/wp\/index.php?rest_route=\/wp\/v2\/users\/1"}],"replies":[{"embeddable":true,"href":"https:\/\/irishexaminerusa.com\/wp\/index.php?rest_route=%2Fwp%2Fv2%2Fcomments&post=3907"}],"version-history":[{"count":1,"href":"https:\/\/irishexaminerusa.com\/wp\/index.php?rest_route=\/wp\/v2\/posts\/3907\/revisions"}],"predecessor-version":[{"id":3909,"href":"https:\/\/irishexaminerusa.com\/wp\/index.php?rest_route=\/wp\/v2\/posts\/3907\/revisions\/3909"}],"wp:featuredmedia":[{"embeddable":true,"href":"https:\/\/irishexaminerusa.com\/wp\/index.php?rest_route=\/wp\/v2\/media\/3908"}],"wp:attachment":[{"href":"https:\/\/irishexaminerusa.com\/wp\/index.php?rest_route=%2Fwp%2Fv2%2Fmedia&parent=3907"}],"wp:term":[{"taxonomy":"category","embeddable":true,"href":"https:\/\/irishexaminerusa.com\/wp\/index.php?rest_route=%2Fwp%2Fv2%2Fcategories&post=3907"},{"taxonomy":"post_tag","embeddable":true,"href":"https:\/\/irishexaminerusa.com\/wp\/index.php?rest_route=%2Fwp%2Fv2%2Ftags&post=3907"}],"curies":[{"name":"wp","href":"https:\/\/api.w.org\/{rel}","templated":true}]}}