{"id":23654,"date":"2021-10-27T09:15:00","date_gmt":"2021-10-27T13:15:00","guid":{"rendered":"http:\/\/irishexaminerusa.com\/wp\/?p=23654"},"modified":"2021-10-27T13:17:18","modified_gmt":"2021-10-27T17:17:18","slug":"german-president-begins-three-day-visit-to-ireland","status":"publish","type":"post","link":"https:\/\/irishexaminerusa.com\/wp\/?p=23654","title":{"rendered":"German President Begins Three-Day Visit To Ireland"},"content":{"rendered":"\n<figure class=\"wp-block-image size-full\"><img loading=\"lazy\" width=\"539\" height=\"360\" src=\"http:\/\/irishexaminerusa.com\/wp\/wp-content\/uploads\/2021\/10\/2-63348991.png\" alt=\"\" class=\"wp-image-23655\" srcset=\"https:\/\/irishexaminerusa.com\/wp\/wp-content\/uploads\/2021\/10\/2-63348991.png 539w, https:\/\/irishexaminerusa.com\/wp\/wp-content\/uploads\/2021\/10\/2-63348991-300x200.png 300w\" sizes=\"(max-width: 539px) 100vw, 539px\" \/><figcaption><em>The German President was greeted by the President and his wife Sabina Higgins and a guard of honor from the 7th Infantry Battalion from the Cathal Brugha Barracks (PA Images)<\/em><\/figcaption><\/figure>\n\n\n\n<p>Michael D Higgins welcomed the German President to his Phoenix Park residence on Wednesday morning, marking the start of a three-day visit by Frank-Walter Steinmeier.<\/p>\n\n\n\n<p>The German head of state arrived at \u00c1ras an Uachtar\u00e1in for an official welcoming ceremony just after 11am.<\/p>\n\n\n\n<p>He was greeted by the President and his wife Sabina Higgins and a guard of honor from the 7th Infantry Battalion from the Cathal Brugha Barracks.<\/p>\n\n\n\n<p>Mr Steinmeier also received a 21-gun salute from the Irish Defense Forces.<\/p>\n\n\n\n<p>The three-day visit will see Mr Steinmeier, who has been Germany\u2019s president since 2017, visit several locations in Dublin and across the country.<\/p>\n\n\n\n<p>Mr Steinmeier, who arrived with his wife Elke Budenbender and an official delegation, is expected to hold talks with Taoiseach Miche\u00e1l Martin during his visit.<\/p>\n\n\n\n<p>He will also meet with D\u00e1il Ceann Comhairle Se\u00e1n \u00d3 Feargha\u00cdl, as well as the Lord Mayor of Dublin Alison Gilliland.<\/p>\n\n\n\n<p>The Irish President visited Germany in July 2019.<\/p>\n\n\n\n<p>That visit came amid uncertainty about Brexit and the shape of the UK\u2019s exit from EU.<\/p>\n\n\n\n<p>This presidential trip to Ireland will also include a visit to the University of Limerick, where Mr Steinmeier will meet with students.<\/p>\n\n\n\n<p>The Irish and German delegations are expected to discuss issues around democracy and global justice.<\/p>\n<div class=\"sharedaddy sd-sharing-enabled\"><div class=\"robots-nocontent sd-block sd-social sd-social-icon sd-sharing\"><h3 class=\"sd-title\">Share this:<\/h3><div class=\"sd-content\"><ul><li class=\"share-facebook\"><a rel=\"nofollow\" data-shared=\"sharing-facebook-23654\" class=\"share-facebook sd-button share-icon no-text\" href=\"https:\/\/irishexaminerusa.com\/wp\/?p=23654&amp;share=facebook\" target=\"_blank\" title=\"Click to share on Facebook\"><span><\/span><span class=\"sharing-screen-reader-text\">Click to share on Facebook (Opens in new window)<\/span><\/a><\/li><li class=\"share-twitter\"><a rel=\"nofollow\" data-shared=\"sharing-twitter-23654\" class=\"share-twitter sd-button share-icon no-text\" href=\"https:\/\/irishexaminerusa.com\/wp\/?p=23654&amp;share=twitter\" target=\"_blank\" title=\"Click to share on Twitter\"><span><\/span><span class=\"sharing-screen-reader-text\">Click to share on Twitter (Opens in new window)<\/span><\/a><\/li><li class=\"share-google-plus-1\"><a rel=\"nofollow\" data-shared=\"sharing-google-23654\" class=\"share-google-plus-1 sd-button share-icon no-text\" href=\"https:\/\/irishexaminerusa.com\/wp\/?p=23654&amp;share=google-plus-1\" target=\"_blank\" title=\"Click to share on Google+\"><span><\/span><span class=\"sharing-screen-reader-text\">Click to share on Google+ (Opens in new window)<\/span><\/a><\/li><li class=\"share-print\"><a rel=\"nofollow\" data-shared=\"\" class=\"share-print sd-button share-icon no-text\" href=\"https:\/\/irishexaminerusa.com\/wp\/?p=23654\" target=\"_blank\" title=\"Click to print\"><span><\/span><span class=\"sharing-screen-reader-text\">Click to print (Opens in new window)<\/span><\/a><\/li><li class=\"share-end\"><\/li><\/ul><\/div><\/div><\/div>","protected":false},"excerpt":{"rendered":"<p>Michael D Higgins welcomed the German President to his Phoenix Park residence on Wednesday morning, marking the start of a three-day visit by Frank-Walter Steinmeier. The German head of state arrived at \u00c1ras an Uachtar\u00e1in for an official welcoming ceremony&#8230;<\/p>\n<div class=\"sharedaddy sd-sharing-enabled\"><div class=\"robots-nocontent sd-block sd-social sd-social-icon sd-sharing\"><h3 class=\"sd-title\">Share this:<\/h3><div class=\"sd-content\"><ul><li class=\"share-facebook\"><a rel=\"nofollow\" data-shared=\"sharing-facebook-23654\" class=\"share-facebook sd-button share-icon no-text\" href=\"https:\/\/irishexaminerusa.com\/wp\/?p=23654&amp;share=facebook\" target=\"_blank\" title=\"Click to share on Facebook\"><span><\/span><span class=\"sharing-screen-reader-text\">Click to share on Facebook (Opens in new window)<\/span><\/a><\/li><li class=\"share-twitter\"><a rel=\"nofollow\" data-shared=\"sharing-twitter-23654\" class=\"share-twitter sd-button share-icon no-text\" href=\"https:\/\/irishexaminerusa.com\/wp\/?p=23654&amp;share=twitter\" target=\"_blank\" title=\"Click to share on Twitter\"><span><\/span><span class=\"sharing-screen-reader-text\">Click to share on Twitter (Opens in new window)<\/span><\/a><\/li><li class=\"share-google-plus-1\"><a rel=\"nofollow\" data-shared=\"sharing-google-23654\" class=\"share-google-plus-1 sd-button share-icon no-text\" href=\"https:\/\/irishexaminerusa.com\/wp\/?p=23654&amp;share=google-plus-1\" target=\"_blank\" title=\"Click to share on Google+\"><span><\/span><span class=\"sharing-screen-reader-text\">Click to share on Google+ (Opens in new window)<\/span><\/a><\/li><li class=\"share-print\"><a rel=\"nofollow\" data-shared=\"\" class=\"share-print sd-button share-icon no-text\" href=\"https:\/\/irishexaminerusa.com\/wp\/?p=23654\" target=\"_blank\" title=\"Click to print\"><span><\/span><span class=\"sharing-screen-reader-text\">Click to print (Opens in new window)<\/span><\/a><\/li><li class=\"share-end\"><\/li><\/ul><\/div><\/div><\/div>","protected":false},"author":1,"featured_media":23655,"comment_status":"closed","ping_status":"open","sticky":false,"template":"","format":"standard","meta":[],"categories":[11,2],"tags":[],"_links":{"self":[{"href":"https:\/\/irishexaminerusa.com\/wp\/index.php?rest_route=\/wp\/v2\/posts\/23654"}],"collection":[{"href":"https:\/\/irishexaminerusa.com\/wp\/index.php?rest_route=\/wp\/v2\/posts"}],"about":[{"href":"https:\/\/irishexaminerusa.com\/wp\/index.php?rest_route=\/wp\/v2\/types\/post"}],"author":[{"embeddable":true,"href":"https:\/\/irishexaminerusa.com\/wp\/index.php?rest_route=\/wp\/v2\/users\/1"}],"replies":[{"embeddable":true,"href":"https:\/\/irishexaminerusa.com\/wp\/index.php?rest_route=%2Fwp%2Fv2%2Fcomments&post=23654"}],"version-history":[{"count":1,"href":"https:\/\/irishexaminerusa.com\/wp\/index.php?rest_route=\/wp\/v2\/posts\/23654\/revisions"}],"predecessor-version":[{"id":23656,"href":"https:\/\/irishexaminerusa.com\/wp\/index.php?rest_route=\/wp\/v2\/posts\/23654\/revisions\/23656"}],"wp:featuredmedia":[{"embeddable":true,"href":"https:\/\/irishexaminerusa.com\/wp\/index.php?rest_route=\/wp\/v2\/media\/23655"}],"wp:attachment":[{"href":"https:\/\/irishexaminerusa.com\/wp\/index.php?rest_route=%2Fwp%2Fv2%2Fmedia&parent=23654"}],"wp:term":[{"taxonomy":"category","embeddable":true,"href":"https:\/\/irishexaminerusa.com\/wp\/index.php?rest_route=%2Fwp%2Fv2%2Fcategories&post=23654"},{"taxonomy":"post_tag","embeddable":true,"href":"https:\/\/irishexaminerusa.com\/wp\/index.php?rest_route=%2Fwp%2Fv2%2Ftags&post=23654"}],"curies":[{"name":"wp","href":"https:\/\/api.w.org\/{rel}","templated":true}]}}